{"id":146,"date":"2025-11-18T01:42:50","date_gmt":"2025-11-18T00:42:50","guid":{"rendered":"https:\/\/kids4hope.de\/web\/?p=146"},"modified":"2026-03-11T00:27:19","modified_gmt":"2026-03-10T23:27:19","slug":"neues-vertreibungslager-in-gaza-und-ein-umstrittener-us-plan-spaltet-den-un-sicherheitsrat","status":"publish","type":"post","link":"https:\/\/kids4hope.de\/web\/neues-vertreibungslager-in-gaza-und-ein-umstrittener-us-plan-spaltet-den-un-sicherheitsrat\/","title":{"rendered":"Das V\u00f6lkerrecht wieder an seinen Grenzen"},"content":{"rendered":"<p>Die Angriffe von Israel und den USA auf den Iran sorgen weltweit f\u00fcr eine intensive Debatte \u00fcber das V\u00f6lkerrecht. W\u00e4hrend einige Regierungen die milit\u00e4rischen Schritte politisch nachvollziehen k\u00f6nnen, sehen andere darin einen klaren Versto\u00df gegen internationales Recht.<\/p>\n<p>Der V\u00f6lkerrechtler <a href=\"chatgpt:\/\/generic-entity?number=0\">Christoph Safferling<\/a> erkl\u00e4rt, dass ein Angriff auf einen Staat grunds\u00e4tzlich durch die <a href=\"chatgpt:\/\/generic-entity?number=1\">Charta der Vereinten Nationen<\/a> verboten ist. Das sogenannte Gewaltverbot verpflichtet Staaten dazu, die territoriale Integrit\u00e4t und politische Unabh\u00e4ngigkeit anderer L\u00e4nder zu respektieren.<\/p>\n<p>Es gibt nur zwei Ausnahmen: Erstens, wenn ein Staat angegriffen wird und sich verteidigt. Zweitens, wenn der <a href=\"chatgpt:\/\/generic-entity?number=2\">Sicherheitsrat der Vereinten Nationen<\/a> einen milit\u00e4rischen Einsatz ausdr\u00fccklich genehmigt. Im aktuellen Fall sei jedoch keines von beidem gegeben. Ein direkter Angriff des Iran auf Israel oder die USA habe nicht stattgefunden, und auch eine Autorisierung durch die Vereinten Nationen existiere nicht.<\/p>\n<p>Manche Politiker argumentieren dennoch mit einem pr\u00e4ventiven Selbstverteidigungsrecht oder mit der schwierigen Menschenrechtslage im Iran. Tats\u00e4chlich wird immer wieder diskutiert, ob milit\u00e4rische Eingriffe erlaubt sein k\u00f6nnten, um schwere Menschenrechtsverletzungen zu stoppen. Dieses Konzept wird als \u201ehumanit\u00e4re Intervention\u201c bezeichnet. Allerdings ist es im internationalen Recht bislang nicht offiziell anerkannt.<\/p>\n<p>Hinzu kommt ein strukturelles Problem der internationalen Ordnung: Der <a href=\"chatgpt:\/\/generic-entity?number=3\">UN-Sicherheitsrat<\/a> ist h\u00e4ufig handlungsunf\u00e4hig, weil seine f\u00fcnf st\u00e4ndigen Mitglieder ein Vetorecht besitzen. Dadurch k\u00f6nnen wichtige Entscheidungen blockiert werden.<\/p>\n<p>Auch politische Forderungen nach einem Sturz der iranischen Regierung sind rechtlich problematisch. Das V\u00f6lkerrecht basiert auf der Souver\u00e4nit\u00e4t von Staaten, weshalb ein von au\u00dfen erzwungener Regimewechsel nicht vorgesehen ist.<\/p>\n<p>Der Fall zeigt deutlich: Das V\u00f6lkerrecht setzt klare Regeln, doch in geopolitischen Krisen st\u00f6\u00dft es oft an seine Grenzen. Ohne funktionierende internationale Institutionen bleibt seine Durchsetzung schwierig.<\/p>\n<p>DER VOLLST\u00c4NDIGE ARTIKEL:<\/p>\n<p>https:\/\/www.morgenpost.de\/politik\/article411363556\/angriff-auf-den-iran-selbstverteidigung-oder-bruch-des-voelkerrechts.html#<\/p>\n","protected":false},"excerpt":{"rendered":"<p>Die Angriffe von Israel und den USA auf den Iran sorgen weltweit f\u00fcr eine intensive Debatte \u00fcber das V\u00f6lkerrecht. W\u00e4hrend einige Regierungen die milit\u00e4rischen Schritte politisch nachvollziehen k\u00f6nnen, sehen andere darin einen klaren Versto\u00df gegen internationales Recht. Der V\u00f6lkerrechtler Christoph Safferling erkl\u00e4rt, dass ein Angriff auf einen Staat grunds\u00e4tzlich durch die Charta der Vereinten Nationen [&hellip;]<\/p>\n","protected":false},"author":2,"featured_media":232,"comment_status":"closed","ping_status":"open","sticky":false,"template":"","format":"standard","meta":{"footnotes":""},"categories":[7],"tags":[],"class_list":["post-146","post","type-post","status-publish","format-standard","has-post-thumbnail","hentry","category-presse"],"_links":{"self":[{"href":"https:\/\/kids4hope.de\/web\/wp-json\/wp\/v2\/posts\/146","targetHints":{"allow":["GET"]}}],"collection":[{"href":"https:\/\/kids4hope.de\/web\/wp-json\/wp\/v2\/posts"}],"about":[{"href":"https:\/\/kids4hope.de\/web\/wp-json\/wp\/v2\/types\/post"}],"author":[{"embeddable":true,"href":"https:\/\/kids4hope.de\/web\/wp-json\/wp\/v2\/users\/2"}],"replies":[{"embeddable":true,"href":"https:\/\/kids4hope.de\/web\/wp-json\/wp\/v2\/comments?post=146"}],"version-history":[{"count":3,"href":"https:\/\/kids4hope.de\/web\/wp-json\/wp\/v2\/posts\/146\/revisions"}],"predecessor-version":[{"id":231,"href":"https:\/\/kids4hope.de\/web\/wp-json\/wp\/v2\/posts\/146\/revisions\/231"}],"wp:featuredmedia":[{"embeddable":true,"href":"https:\/\/kids4hope.de\/web\/wp-json\/wp\/v2\/media\/232"}],"wp:attachment":[{"href":"https:\/\/kids4hope.de\/web\/wp-json\/wp\/v2\/media?parent=146"}],"wp:term":[{"taxonomy":"category","embeddable":true,"href":"https:\/\/kids4hope.de\/web\/wp-json\/wp\/v2\/categories?post=146"},{"taxonomy":"post_tag","embeddable":true,"href":"https:\/\/kids4hope.de\/web\/wp-json\/wp\/v2\/tags?post=146"}],"curies":[{"name":"wp","href":"https:\/\/api.w.org\/{rel}","templated":true}]}}